{"id":975,"date":"2006-08-03T09:48:58","date_gmt":"2006-08-03T07:48:58","guid":{"rendered":"http:\/\/blogs.law.harvard.edu\/germany2\/2006\/08\/03\/entry-number-01201\/"},"modified":"2006-08-03T09:48:58","modified_gmt":"2006-08-03T07:48:58","slug":"entry-number-01201","status":"publish","type":"post","link":"https:\/\/archive.blogs.harvard.edu\/germany2\/2006\/08\/03\/entry-number-01201\/","title":{"rendered":"Entry Number 01201"},"content":{"rendered":"<p>(Eine Deutsche Fassung steht weiter unten. German version below.)<\/p>\n<p>3 AUGUST 2006, THURSDAY, DUSSELDORF, GERMANY<\/p>\n<p>The Technical University of Munich Is Not a Terror School \u2013 37<\/p>\n<p><strong>\u201cAt the Werner Stephan School there is hardly any violence now. In addition, even though the number of pupils at almost all similar schools in Tempelhof is rapidly dropping, the Werner Stephan School will be nearly filled to capacity in the coming year. Sometimes, visitors come nearly every week just to have a look at this model school.<\/p>\n<p>\u201cArnz says that the problem is that such schools are no longer meaningful as an independent type of school. However, that is something one has to live with for the foreseeable future. One has to make the best of the situation as it is, and they\u2019ve managed to do that at the Werner Stephan School.\u201d<\/strong><\/p>\n<p>(To be continued)<\/p>\n<p>Source: Marian Blasberg and Wolfgang Uchatius, \u201eIst die Ruetli noch zu retten?\u201c, Die Zeit, 6 April 2006, 15\/2006.<\/p>\n<p><em>\u201cI feel like someone who has been attacked and injured by a group of thugs. You forgive the thugs, but at the same time you have to warn other people about them.\u201d \u2013 George Sand<\/p>\n<p>&#8220;I love (my country) more than any other country in the world, and, exactly for this reason, I insist on the right to criticize her perpetually.&#8221; &#8211; James Baldwin<\/em><\/p>\n<p>Novel: http:\/\/blogs.law.harvard.edu\/revision\/<\/p>\n<p>&#8212;&#8212;&#8212;&#8212;&#8212;&#8212;&#8212;&#8212;&#8212;&#8212;&#8212;&#8212;&#8212;&#8212;&#8212;&#8212;&#8212;&#8212;&#8212;&#8212;&#8212;&#8212;&#8212;&#8212;&#8212;-<\/p>\n<p>3 AUGUST 2006, DONNERSTAG, D\u00dcSSELDORF, DEUTSCHLAND<\/p>\n<p>Die Technische Universit\u00e4t M\u00fcnchen ist keine Terrorschule \u2013 37<\/p>\n<p>\u201e<strong>Gewalt gibt es an der Werner-Stephan-Schule heute praktisch nicht mehr. Und w\u00e4hrend in fast allen anderen Hauptschulen von Tempelhof die Sch\u00fclerzahlen rasant sinken, ist die Werner-Stephan-Schule auch f\u00fcr das n\u00e4chste Jahr fast ausgebucht. Manchmal kommen jede Woche Besucher, um sich diese Musterschule anzusehen.<\/p>\n<p>Das Problem sei, sagt Arnz, dass die Hauptschule als eigenst\u00e4ndige Schulform nicht sinnvoll sei. Aber auf absehbare Zeit m\u00fcsse man mit ihr leben. Man m\u00fcsse nun das Beste aus der Situation machen. Das sei an der Werner-Stephan-Schule gelungen.\u201c<\/strong><\/p>\n<p>(Fortsetzung folgt)<\/p>\n<p>Quelle: Marian Blasberg und Wolfgang Uchatius, \u201eIst die R\u00fctli noch zu retten?\u201c, Die Zeit, 06.04.2006, 15\/2006.<\/p>\n<p><em>\u201eIch f\u00fchle mich wie eine Person, die von einer Gruppe Schl\u00e4ger angegriffen und verletzt wird. Man vergibt die Schl\u00e4ger, aber muss man andere Menschen vor ihnen warnen.\u201c \u2013 George Sand<\/p>\n<p>\u201eIch liebe (mein Land) mehr, als alle anderen L\u00e4nder der Welt, und genau aus diesem Grund bestehe ich auf das Recht, es ewig zu kritisieren.\u201c &#8211; James Baldwin<\/em><\/p>\n<p>Novel: http:\/\/blogs.law.harvard.edu\/revision\/<\/p>\n<p>===========================================<\/p>\n","protected":false},"excerpt":{"rendered":"<p>(Eine Deutsche Fassung steht weiter unten. German version below.) 3 AUGUST 2006, THURSDAY, DUSSELDORF, GERMANY The Technical University of Munich Is Not a Terror School \u2013 37 \u201cAt the Werner Stephan School there is hardly any violence now. In addition, even though the number of pupils at almost all similar schools in Tempelhof is rapidly [&hellip;]<\/p>\n","protected":false},"author":165,"featured_media":0,"comment_status":"closed","ping_status":"closed","sticky":false,"template":"","format":"standard","meta":{"footnotes":""},"categories":[383],"tags":[],"class_list":["post-975","post","type-post","status-publish","format-standard","hentry","category-tu-munich"],"jetpack_featured_media_url":"","_links":{"self":[{"href":"https:\/\/archive.blogs.harvard.edu\/germany2\/wp-json\/wp\/v2\/posts\/975","targetHints":{"allow":["GET"]}}],"collection":[{"href":"https:\/\/archive.blogs.harvard.edu\/germany2\/wp-json\/wp\/v2\/posts"}],"about":[{"href":"https:\/\/archive.blogs.harvard.edu\/germany2\/wp-json\/wp\/v2\/types\/post"}],"author":[{"embeddable":true,"href":"https:\/\/archive.blogs.harvard.edu\/germany2\/wp-json\/wp\/v2\/users\/165"}],"replies":[{"embeddable":true,"href":"https:\/\/archive.blogs.harvard.edu\/germany2\/wp-json\/wp\/v2\/comments?post=975"}],"version-history":[{"count":0,"href":"https:\/\/archive.blogs.harvard.edu\/germany2\/wp-json\/wp\/v2\/posts\/975\/revisions"}],"wp:attachment":[{"href":"https:\/\/archive.blogs.harvard.edu\/germany2\/wp-json\/wp\/v2\/media?parent=975"}],"wp:term":[{"taxonomy":"category","embeddable":true,"href":"https:\/\/archive.blogs.harvard.edu\/germany2\/wp-json\/wp\/v2\/categories?post=975"},{"taxonomy":"post_tag","embeddable":true,"href":"https:\/\/archive.blogs.harvard.edu\/germany2\/wp-json\/wp\/v2\/tags?post=975"}],"curies":[{"name":"wp","href":"https:\/\/api.w.org\/{rel}","templated":true}]}}