{"id":1300,"date":"2008-01-09T14:07:52","date_gmt":"2008-01-09T12:07:52","guid":{"rendered":"http:\/\/blogs.law.harvard.edu\/germany2\/2008\/01\/09\/entry-number-01520\/"},"modified":"2008-01-09T14:07:52","modified_gmt":"2008-01-09T12:07:52","slug":"entry-number-01520","status":"publish","type":"post","link":"https:\/\/archive.blogs.harvard.edu\/germany2\/2008\/01\/09\/entry-number-01520\/","title":{"rendered":"Entry Number 01520"},"content":{"rendered":"<p>9 JANUARY 2008, WEDNESDAY, DUSSELDORF, GERMANY<\/p>\n<p>The Technical University of Munich* \u2013 like the Town of Muegeln, Finding Itself Not Guilty? (Third Report) \u2013 39<\/p>\n<p><strong>\u201cEyewitness: \u2018I\u2019ve heard that the witnesses have agreed among themselves what their testimony will be and that the men from India will be blamed for the whole incident.\u2019<\/p>\n<p>\u201c(Journalist:) \u2018In other words, they\u2019ve agreed upon testimony that is supposed to conceal the degree of hatred that erupted that night toward the foreigners. The witnesses will also say that the men from India were certainly not \u201chunted down\u201d by the Germans, because, after all, they had to run for only a few yards\u2019.\u201d<\/p>\n<p>(To be continued)<\/p>\n<p>*The Technical University of Munich, officially recognized by the German government as an \u201celite university,\u201d is ranked 67 among the world\u2019s universities. That is, for example, sixteen places below Seoul National University of South Korea. (The Times of London, Higher Education Supplement [THES], World University Rankings, 2007)<\/strong><\/p>\n<p>Sources: First Report &#8211; Steffen Judzikowski, Wolfgang Kramer, Joe Sperling, \u201eMuegeln unter Verdacht \u2013 Deutsche jagen Auslaender,\u201c ZDF, Frontal 21, Broadcast of 21 August 2007. Second Report &#8211; Guener Balci und Reinhard Laska, Gefaehrliche Zivilcourage &#8211; Kein Schutz fuer mutige Buerger, ZDF, Frontal 21, Broadcast of 4 September 2007. Third Report \u2013 Caroline Walter und Alexander Kobylinski, \u201eMuegeln \u2013 eine Stadt waescht sich rein,\u201c Rundfunk Berlin Brandenburg, Kontraste, Broadcast of 20 September 2007.<\/p>\n<p><em>\u201cI feel like someone who has been attacked and injured by a group of thugs. You forgive the thugs, but at the same time you have to warn other people about them.\u201d \u2013 George Sand<\/p>\n<p>\u201cI love (my country) more than any other country in the world, and, exactly for this reason, I insist on the right to criticize her perpetually.\u201d &#8211; James Baldwin<\/em><\/p>\n<p>Novel: http:\/\/blogs.law.harvard.edu\/revision\/<\/p>\n<p>\u2014\u2014\u2014\u2014\u2014\u2014\u2014\u2014\u2014\u2014\u2014\u2014\u2014\u2014\u2014\u2014\u2014\u2014\u2014\u2014\u2014\u2014\u2014\u2014\u2014-<\/p>\n<p>9 JANUAR 2008, MITTWOCH, D\u00dcSSELDORF, DEUTSCHLAND<\/p>\n<p>Die Technische Universit\u00e4t M\u00fcnchen* \u2013 wie M\u00fcgeln, w\u00e4scht sie sich rein? (Dritter Bericht) \u2013 39<\/p>\n<p><strong>\u201eAugenzeugin: \u201aWie ich geh\u00f6rt habe, tun sich die Zeugen untereinander absprechen und dass dasselbe gesagt wird und die ganze Schuld auf die Inder geschoben wird.\u2019<\/p>\n<p>(Journalist:) \u201aAbsprachen, die verdecken sollen, was in dieser Nacht an Hass auf Ausl\u00e4nder ausgebrochen ist. Doch von einer Hetzjagd k\u00f6nne man nicht reden, hei\u00dft es jetzt. Schlie\u00dflich h\u00e4tten die Inder nur ein paar Meter laufen m\u00fcssen\u2019.\u201c<\/p>\n<p>(Fortsetzung folgt)<\/p>\n<p>*Die Technische Universit\u00e4t M\u00fcnchen, eine durch die deutsche Regierung anerkannte \u201eElite-Universit\u00e4t\u201c, steht an der 67. Stelle in der Welt; d.h., zum Beispiel, 16 Stellen unter der Seoul National University von S\u00fcdkorea. (The Times of London, Higher Education Supplement [THES], World University Rankings, 2007)<\/strong><\/p>\n<p>Quellen: Erster Bericht &#8211; Steffen Judzikowski, Wolfgang Kramer, Joe Sperling, \u201eM\u00fcgeln unter Verdacht \u2013 Deutsche jagen Ausl\u00e4nder,\u201c ZDF, Frontal 21, Sendung vom 21. August 2007. Zweiter Bericht &#8211; G\u00fcner Balci und Reinhard Laska, Gef\u00e4hrliche Zivilcourage &#8211; Kein Schutz f\u00fcr mutige B\u00fcrger, ZDF, Frontal 21, Sendung vom 4. September 2007. Dritter Bericht \u2013 Caroline Walter und Alexander Kobylinski, \u201eM\u00fcgeln \u2013 eine Stadt w\u00e4scht sich rein,\u201c Rundfunk Berlin Brandenburg, Kontraste-Sendung vom 20.September 2007.<\/p>\n<p><em>\u201eIch f\u00fchle mich wie eine Person, die von einer Gruppe Schl\u00e4ger angegriffen und verletzt wird. Man vergibt die Schl\u00e4ger, aber man muss andere Menschen vor ihnen warnen.\u201c \u2013 George Sand<\/p>\n<p>\u201eIch liebe (mein Land) mehr, als alle anderen L\u00e4nder der Welt, und genau aus diesem Grund bestehe ich auf das Recht, es ewig zu kritisieren.\u201c &#8211; James Bald<\/em>win<\/p>\n<p>Novel: http:\/\/blogs.law.harvard.edu\/revision\/<\/p>\n<p>===========================================<\/p>\n","protected":false},"excerpt":{"rendered":"<p>9 JANUARY 2008, WEDNESDAY, DUSSELDORF, GERMANY The Technical University of Munich* \u2013 like the Town of Muegeln, Finding Itself Not Guilty? (Third Report) \u2013 39 \u201cEyewitness: \u2018I\u2019ve heard that the witnesses have agreed among themselves what their testimony will be and that the men from India will be blamed for the whole incident.\u2019 \u201c(Journalist:) \u2018In [&hellip;]<\/p>\n","protected":false},"author":165,"featured_media":0,"comment_status":"closed","ping_status":"closed","sticky":false,"template":"","format":"standard","meta":{"footnotes":""},"categories":[383],"tags":[],"class_list":["post-1300","post","type-post","status-publish","format-standard","hentry","category-tu-munich"],"jetpack_featured_media_url":"","_links":{"self":[{"href":"https:\/\/archive.blogs.harvard.edu\/germany2\/wp-json\/wp\/v2\/posts\/1300","targetHints":{"allow":["GET"]}}],"collection":[{"href":"https:\/\/archive.blogs.harvard.edu\/germany2\/wp-json\/wp\/v2\/posts"}],"about":[{"href":"https:\/\/archive.blogs.harvard.edu\/germany2\/wp-json\/wp\/v2\/types\/post"}],"author":[{"embeddable":true,"href":"https:\/\/archive.blogs.harvard.edu\/germany2\/wp-json\/wp\/v2\/users\/165"}],"replies":[{"embeddable":true,"href":"https:\/\/archive.blogs.harvard.edu\/germany2\/wp-json\/wp\/v2\/comments?post=1300"}],"version-history":[{"count":0,"href":"https:\/\/archive.blogs.harvard.edu\/germany2\/wp-json\/wp\/v2\/posts\/1300\/revisions"}],"wp:attachment":[{"href":"https:\/\/archive.blogs.harvard.edu\/germany2\/wp-json\/wp\/v2\/media?parent=1300"}],"wp:term":[{"taxonomy":"category","embeddable":true,"href":"https:\/\/archive.blogs.harvard.edu\/germany2\/wp-json\/wp\/v2\/categories?post=1300"},{"taxonomy":"post_tag","embeddable":true,"href":"https:\/\/archive.blogs.harvard.edu\/germany2\/wp-json\/wp\/v2\/tags?post=1300"}],"curies":[{"name":"wp","href":"https:\/\/api.w.org\/{rel}","templated":true}]}}